{"id":179,"date":"2014-02-14T12:59:55","date_gmt":"2014-02-14T12:59:55","guid":{"rendered":"http:\/\/arsmedia.si\/?p=179"},"modified":"2014-02-21T13:12:13","modified_gmt":"2014-02-21T13:12:13","slug":"edi-selhaus-i-was-there","status":"publish","type":"post","link":"https:\/\/arsmedia.si\/en\/documentary-films\/edi-selhaus-i-was-there","title":{"rendered":"Edi \u0160elhaus &#8211; \u00bbI was there\u00ab"},"content":{"rendered":"<p><img loading=\"lazy\" decoding=\"async\" class=\"alignleft size-homepage-carousel wp-image-96\" alt=\"Direktor fotografije Radovan \u010cok, Edi \u0160elhaus, re\u017eiser Jurij Gruden\" src=\"https:\/\/arsmedia.si\/wp-content\/uploads\/2014\/02\/Direktor-fotografije-Radovan-\u010cok-Edi-\u0160elhaus-re\u017eiser-Jurij-Gruden-180x180.jpg\" width=\"180\" height=\"180\" srcset=\"https:\/\/arsmedia.si\/wp-content\/uploads\/2014\/02\/Direktor-fotografije-Radovan-\u010cok-Edi-\u0160elhaus-re\u017eiser-Jurij-Gruden-180x180.jpg 180w, https:\/\/arsmedia.si\/wp-content\/uploads\/2014\/02\/Direktor-fotografije-Radovan-\u010cok-Edi-\u0160elhaus-re\u017eiser-Jurij-Gruden-150x150.jpg 150w, https:\/\/arsmedia.si\/wp-content\/uploads\/2014\/02\/Direktor-fotografije-Radovan-\u010cok-Edi-\u0160elhaus-re\u017eiser-Jurij-Gruden-140x140.jpg 140w\" sizes=\"auto, (max-width: 180px) 100vw, 180px\" \/>Genre: full-length documentary film<br \/>\nDuration: 77 minYear: 2007<br \/>\nScreenplay: Jurij Gruden<br \/>\nDirector: Jurij Gruden<br \/>\nCast: Egon Kraus, Egon Pi\u0161\u010danec, Aljo\u0161a \u017derjal, Franc Fabec, Milan Pahor, mag. Alojzij Ter\u0161an, Bo\u017eidar Ze\u010devi\u0107, Jo\u017eica \u0160parovec, Mirjam Koren, Roman Marinko &#8230;<br \/>\nLinks: <a href=\"http:\/\/www.film-sklad.si\">www.film-sklad.si<\/a>.<\/p>\n<p>&nbsp;<\/p>\n<p>&nbsp;<\/p>\n<p>&nbsp;<\/p>\n<h3>Story<\/h3>\n<p>Kovac and Dara are a boy and a girl who had a troubled childhood. They end up in a borstal and get attached to each other only to be separated one day. Ten years later, now in their late teens, they meet again. Kovac is a gangleader and after various misdemeanours of his gang amount to an accidental felony, his and Dara&#8217;s paths cross again. Dara has been living a lonely and secluded life where reality often gave way to her dreams. Reunited, they both see this as an opportunity to brak away from the past and find happiness together.<\/p>\n<h3>Gallery<\/h3>\n\n\t\t<style type=\"text\/css\">\n\t\t\t#gallery-1 {\n\t\t\t\tmargin: auto;\n\t\t\t}\n\t\t\t#gallery-1 .gallery-item {\n\t\t\t\tfloat: left;\n\t\t\t\tmargin-top: 10px;\n\t\t\t\ttext-align: center;\n\t\t\t\twidth: 25%;\n\t\t\t}\n\t\t\t#gallery-1 img {\n\t\t\t\tborder: 2px solid #cfcfcf;\n\t\t\t}\n\t\t\t#gallery-1 .gallery-caption {\n\t\t\t\tmargin-left: 0;\n\t\t\t}\n\t\t\t\/* see gallery_shortcode() in wp-includes\/media.php *\/\n\t\t<\/style>\n\t\t<div id='gallery-1' class='gallery galleryid-179 gallery-columns-4 gallery-size-thumbnail'><dl class='gallery-item'>\n\t\t\t<dt class='gallery-icon landscape'>\n\t\t\t\t<a href='https:\/\/arsmedia.si\/en\/documentary-films\/edi-selhaus-i-was-there\/attachment\/selhaus-v-skladiscu-filmske-opreme-viba-film-2-2'><img loading=\"lazy\" decoding=\"async\" width=\"150\" height=\"150\" src=\"https:\/\/arsmedia.si\/wp-content\/uploads\/2014\/02\/\u0160elhaus-v-skladi\u0161\u010du-filmske-opreme-Viba-film-2-150x150.jpg\" class=\"attachment-thumbnail size-thumbnail\" alt=\"\" srcset=\"https:\/\/arsmedia.si\/wp-content\/uploads\/2014\/02\/\u0160elhaus-v-skladi\u0161\u010du-filmske-opreme-Viba-film-2-150x150.jpg 150w, https:\/\/arsmedia.si\/wp-content\/uploads\/2014\/02\/\u0160elhaus-v-skladi\u0161\u010du-filmske-opreme-Viba-film-2-180x180.jpg 180w, https:\/\/arsmedia.si\/wp-content\/uploads\/2014\/02\/\u0160elhaus-v-skladi\u0161\u010du-filmske-opreme-Viba-film-2-140x140.jpg 140w\" sizes=\"auto, (max-width: 150px) 100vw, 150px\" \/><\/a>\n\t\t\t<\/dt><\/dl><dl class='gallery-item'>\n\t\t\t<dt class='gallery-icon landscape'>\n\t\t\t\t<a href='https:\/\/arsmedia.si\/en\/documentary-films\/edi-selhaus-i-was-there\/attachment\/selhaus-si-ogleduje-svoje-posnetke-iz-filmskih-novosti-2'><img loading=\"lazy\" decoding=\"async\" width=\"150\" height=\"150\" src=\"https:\/\/arsmedia.si\/wp-content\/uploads\/2014\/02\/\u0160elhaus-si-ogleduje-svoje-posnetke-iz-Filmskih-novosti-150x150.jpg\" class=\"attachment-thumbnail size-thumbnail\" alt=\"\" srcset=\"https:\/\/arsmedia.si\/wp-content\/uploads\/2014\/02\/\u0160elhaus-si-ogleduje-svoje-posnetke-iz-Filmskih-novosti-150x150.jpg 150w, https:\/\/arsmedia.si\/wp-content\/uploads\/2014\/02\/\u0160elhaus-si-ogleduje-svoje-posnetke-iz-Filmskih-novosti-180x180.jpg 180w, https:\/\/arsmedia.si\/wp-content\/uploads\/2014\/02\/\u0160elhaus-si-ogleduje-svoje-posnetke-iz-Filmskih-novosti-140x140.jpg 140w\" sizes=\"auto, (max-width: 150px) 100vw, 150px\" \/><\/a>\n\t\t\t<\/dt><\/dl><dl class='gallery-item'>\n\t\t\t<dt class='gallery-icon landscape'>\n\t\t\t\t<a href='https:\/\/arsmedia.si\/en\/documentary-films\/edi-selhaus-i-was-there\/attachment\/selhaus-v-filmskem-arhivu-rs-2'><img loading=\"lazy\" decoding=\"async\" width=\"150\" height=\"150\" src=\"https:\/\/arsmedia.si\/wp-content\/uploads\/2014\/02\/\u0160elhaus-v-Filmskem-arhivu-RS-150x150.jpg\" class=\"attachment-thumbnail size-thumbnail\" alt=\"\" srcset=\"https:\/\/arsmedia.si\/wp-content\/uploads\/2014\/02\/\u0160elhaus-v-Filmskem-arhivu-RS-150x150.jpg 150w, https:\/\/arsmedia.si\/wp-content\/uploads\/2014\/02\/\u0160elhaus-v-Filmskem-arhivu-RS-180x180.jpg 180w, https:\/\/arsmedia.si\/wp-content\/uploads\/2014\/02\/\u0160elhaus-v-Filmskem-arhivu-RS-140x140.jpg 140w\" sizes=\"auto, (max-width: 150px) 100vw, 150px\" \/><\/a>\n\t\t\t<\/dt><\/dl><dl class='gallery-item'>\n\t\t\t<dt class='gallery-icon landscape'>\n\t\t\t\t<a href='https:\/\/arsmedia.si\/en\/documentary-films\/edi-selhaus-i-was-there\/attachment\/selhaus-pred-rusevinami-starega-devinskega-gradu-2'><img loading=\"lazy\" decoding=\"async\" width=\"150\" height=\"150\" src=\"https:\/\/arsmedia.si\/wp-content\/uploads\/2014\/02\/\u0160elhaus-pred-ru\u0161evinami-starega-devinskega-gradu-150x150.jpg\" class=\"attachment-thumbnail size-thumbnail\" alt=\"\" srcset=\"https:\/\/arsmedia.si\/wp-content\/uploads\/2014\/02\/\u0160elhaus-pred-ru\u0161evinami-starega-devinskega-gradu-150x150.jpg 150w, https:\/\/arsmedia.si\/wp-content\/uploads\/2014\/02\/\u0160elhaus-pred-ru\u0161evinami-starega-devinskega-gradu-180x180.jpg 180w, https:\/\/arsmedia.si\/wp-content\/uploads\/2014\/02\/\u0160elhaus-pred-ru\u0161evinami-starega-devinskega-gradu-140x140.jpg 140w\" sizes=\"auto, (max-width: 150px) 100vw, 150px\" \/><\/a>\n\t\t\t<\/dt><\/dl><br style=\"clear: both\" \/><dl class='gallery-item'>\n\t\t\t<dt class='gallery-icon landscape'>\n\t\t\t\t<a href='https:\/\/arsmedia.si\/en\/documentary-films\/edi-selhaus-i-was-there\/attachment\/reziser-jurij-gruden-2'><img loading=\"lazy\" decoding=\"async\" width=\"150\" height=\"150\" src=\"https:\/\/arsmedia.si\/wp-content\/uploads\/2014\/02\/re\u017eiser-Jurij-Gruden-150x150.jpg\" class=\"attachment-thumbnail size-thumbnail\" alt=\"\" srcset=\"https:\/\/arsmedia.si\/wp-content\/uploads\/2014\/02\/re\u017eiser-Jurij-Gruden-150x150.jpg 150w, https:\/\/arsmedia.si\/wp-content\/uploads\/2014\/02\/re\u017eiser-Jurij-Gruden-180x180.jpg 180w, https:\/\/arsmedia.si\/wp-content\/uploads\/2014\/02\/re\u017eiser-Jurij-Gruden-140x140.jpg 140w\" sizes=\"auto, (max-width: 150px) 100vw, 150px\" \/><\/a>\n\t\t\t<\/dt><\/dl><dl class='gallery-item'>\n\t\t\t<dt class='gallery-icon landscape'>\n\t\t\t\t<a href='https:\/\/arsmedia.si\/en\/documentary-films\/edi-selhaus-i-was-there\/attachment\/selhaus-in-del-ekipe-med-snemanjem-dokumentarca-2'><img loading=\"lazy\" decoding=\"async\" width=\"150\" height=\"150\" src=\"https:\/\/arsmedia.si\/wp-content\/uploads\/2014\/02\/\u0160elhaus-in-del-ekipe-med-snemanjem-dokumentarca-150x150.jpg\" class=\"attachment-thumbnail size-thumbnail\" alt=\"\" srcset=\"https:\/\/arsmedia.si\/wp-content\/uploads\/2014\/02\/\u0160elhaus-in-del-ekipe-med-snemanjem-dokumentarca-150x150.jpg 150w, https:\/\/arsmedia.si\/wp-content\/uploads\/2014\/02\/\u0160elhaus-in-del-ekipe-med-snemanjem-dokumentarca-180x180.jpg 180w, https:\/\/arsmedia.si\/wp-content\/uploads\/2014\/02\/\u0160elhaus-in-del-ekipe-med-snemanjem-dokumentarca-140x140.jpg 140w\" sizes=\"auto, (max-width: 150px) 100vw, 150px\" \/><\/a>\n\t\t\t<\/dt><\/dl><dl class='gallery-item'>\n\t\t\t<dt class='gallery-icon landscape'>\n\t\t\t\t<a href='https:\/\/arsmedia.si\/en\/documentary-films\/edi-selhaus-i-was-there\/attachment\/edi-selhaus-in-aljosa-zerjal-v-skednju-pri-trstu-2'><img loading=\"lazy\" decoding=\"async\" width=\"150\" height=\"150\" src=\"https:\/\/arsmedia.si\/wp-content\/uploads\/2014\/02\/Edi-\u0160elhaus-in-Aljo\u0161a-\u017derjal-v-\u0160kednju-pri-Trstu-150x150.jpg\" class=\"attachment-thumbnail size-thumbnail\" alt=\"\" srcset=\"https:\/\/arsmedia.si\/wp-content\/uploads\/2014\/02\/Edi-\u0160elhaus-in-Aljo\u0161a-\u017derjal-v-\u0160kednju-pri-Trstu-150x150.jpg 150w, https:\/\/arsmedia.si\/wp-content\/uploads\/2014\/02\/Edi-\u0160elhaus-in-Aljo\u0161a-\u017derjal-v-\u0160kednju-pri-Trstu-180x180.jpg 180w, https:\/\/arsmedia.si\/wp-content\/uploads\/2014\/02\/Edi-\u0160elhaus-in-Aljo\u0161a-\u017derjal-v-\u0160kednju-pri-Trstu-140x140.jpg 140w\" sizes=\"auto, (max-width: 150px) 100vw, 150px\" \/><\/a>\n\t\t\t<\/dt><\/dl><dl class='gallery-item'>\n\t\t\t<dt class='gallery-icon landscape'>\n\t\t\t\t<a href='https:\/\/arsmedia.si\/en\/documentary-films\/edi-selhaus-i-was-there\/attachment\/direktor-fotografije-radovan-cok-edi-selhaus-reziser-jurij-gruden-2-2'><img loading=\"lazy\" decoding=\"async\" width=\"150\" height=\"150\" src=\"https:\/\/arsmedia.si\/wp-content\/uploads\/2014\/02\/Direktor-fotografije-Radovan-\u010cok-Edi-\u0160elhaus-re\u017eiser-Jurij-Gruden1-150x150.jpg\" class=\"attachment-thumbnail size-thumbnail\" alt=\"\" srcset=\"https:\/\/arsmedia.si\/wp-content\/uploads\/2014\/02\/Direktor-fotografije-Radovan-\u010cok-Edi-\u0160elhaus-re\u017eiser-Jurij-Gruden1-150x150.jpg 150w, https:\/\/arsmedia.si\/wp-content\/uploads\/2014\/02\/Direktor-fotografije-Radovan-\u010cok-Edi-\u0160elhaus-re\u017eiser-Jurij-Gruden1-180x180.jpg 180w, https:\/\/arsmedia.si\/wp-content\/uploads\/2014\/02\/Direktor-fotografije-Radovan-\u010cok-Edi-\u0160elhaus-re\u017eiser-Jurij-Gruden1-140x140.jpg 140w\" sizes=\"auto, (max-width: 150px) 100vw, 150px\" \/><\/a>\n\t\t\t<\/dt><\/dl><br style=\"clear: both\" \/><dl class='gallery-item'>\n\t\t\t<dt class='gallery-icon landscape'>\n\t\t\t\t<a href='https:\/\/arsmedia.si\/en\/documentary-films\/edi-selhaus-i-was-there\/attachment\/edi-selhaus-v-ozadju-mesto-trst-2'><img loading=\"lazy\" decoding=\"async\" width=\"150\" height=\"150\" src=\"https:\/\/arsmedia.si\/wp-content\/uploads\/2014\/02\/Edi-\u0160elhaus-v-ozadju-mesto-Trst-150x150.jpg\" class=\"attachment-thumbnail size-thumbnail\" alt=\"\" srcset=\"https:\/\/arsmedia.si\/wp-content\/uploads\/2014\/02\/Edi-\u0160elhaus-v-ozadju-mesto-Trst-150x150.jpg 150w, https:\/\/arsmedia.si\/wp-content\/uploads\/2014\/02\/Edi-\u0160elhaus-v-ozadju-mesto-Trst-180x180.jpg 180w, https:\/\/arsmedia.si\/wp-content\/uploads\/2014\/02\/Edi-\u0160elhaus-v-ozadju-mesto-Trst-140x140.jpg 140w\" sizes=\"auto, (max-width: 150px) 100vw, 150px\" \/><\/a>\n\t\t\t<\/dt><\/dl>\n\t\t\t<br style='clear: both' \/>\n\t\t<\/div>\n\n<h3>Crew<\/h3>\n<p>Screenplay: Jurij Gruden<br \/>\nDirector: Jurij Gruden<br \/>\nDirector of Photography: Radovan \u010cok<br \/>\nEditor: Janez Bricelj<br \/>\nMusic Selected by: Anton Natek<br \/>\nSound Recordist: Jo\u017ee Trtnik<br \/>\nSound Designer: Bo\u0161tjan Ka\u010di\u010dnik<br \/>\nProducer: Franci Zajc<\/p>\n<h3>Featuring<\/h3>\n<p>Edi \u0160elhaus<br \/>\nEgon Kraus<br \/>\nEgon Pi\u0161\u010danec<br \/>\nAljo\u0161a \u017derjal<br \/>\nFranc Fabec<br \/>\nMilan Pahor<br \/>\nmag. Alojzij Ter\u0161an<br \/>\nBo\u017eidar Ze\u010devi\u0107<br \/>\nMirjam Koren<br \/>\nRoman Marinko<br \/>\nJo\u017eica \u0160parovec, Muzej novej\u0161e zgodovine Slovenije<\/p>\n<h3>Jurij Gruden<\/h3>\n<p>Born in 1975 in Trieste. In 1996 he entered the Academy of Theatre, Radio, Film and Television; film and television direction. During his studies, he shoot short documentary Images of the City (1998), followed by short feature films You Need to Love Somebody (2001) and Moving Away (2002). Besides feature and documentary films, he also shoot television dramas Triangle (2001), Waiting (2003) (Babi\u010d Award for Short Student TV Drama), and Enco, Thank You! (2003).<br \/>\nThe full-length documentary film Edi \u0160elhaus \u00bbI Was There\u00ab, is his first major project.<\/p>\n<h3>Used photographic material:<\/h3>\n<p>National Museum of Contemporary History of Slovenia, which holds most of the estate of Edi \u0160elhaus<br \/>\nPersonal Archive of Edi \u0160elhaus<br \/>\nPersonal Archive of Egon Pi\u0161\u010danec<br \/>\nSlovene National Library of the Studies, Trieste<br \/>\n&#8211; History Section; photos of the victims of \u0160kedenj &#8211; author Marjan Pfeifer<br \/>\nInstitute of Contemporary History, Ljubljana<\/p>\n<h3>Used film material:<\/h3>\n<p>Slovene Film Archives (Archives of the Republic of Slovenia)<br \/>\nFilmske novosti Beograd<br \/>\nJugoslovanska kinoteka Beograd<br \/>\nArchives and Documentation Service of the Television of Slovenia<\/p>\n<h3>Co-producers<\/h3>\n<p>RTV Slovenia<br \/>\nKinoatelje Gorica<\/p>\n<h3><span style=\"line-height: 1.5em;\">Technical services<\/span><\/h3>\n<p>Film studio Viba Film<\/p>\n<h3>Co-funding<\/h3>\n<p>Slovenian Film Fund<\/p>\n<p>&nbsp;<\/p>\n","protected":false},"excerpt":{"rendered":"<p>Genre: full-length documentary film Duration: 77 minYear: 2007 Screenplay: Jurij Gruden Director: Jurij Gruden Cast: Egon Kraus, Egon Pi\u0161\u010danec, Aljo\u0161a \u017derjal, Franc Fabec, Milan Pahor, mag. Alojzij Ter\u0161an, Bo\u017eidar Ze\u010devi\u0107, Jo\u017eica \u0160parovec, Mirjam Koren, Roman Marinko &#8230; Links: www.film-sklad.si. &nbsp; &nbsp; &nbsp; Story Kovac and Dara are a boy and a girl who had a [&hellip;]<\/p>\n","protected":false},"author":2,"featured_media":96,"comment_status":"open","ping_status":"open","sticky":false,"template":"","format":"standard","meta":{"footnotes":""},"categories":[10],"tags":[],"class_list":["post-179","post","type-post","status-publish","format-standard","has-post-thumbnail","hentry","category-documentary-films"],"yoast_head":"<!-- This site is optimized with the Yoast SEO plugin v26.4 - https:\/\/yoast.com\/wordpress\/plugins\/seo\/ -->\n<title>Edi \u0160elhaus - \u00bbI was there\u00ab - Arsmedia<\/title>\n<meta name=\"robots\" content=\"index, follow, max-snippet:-1, max-image-preview:large, max-video-preview:-1\" \/>\n<link rel=\"canonical\" href=\"https:\/\/arsmedia.si\/en\/documentary-films\/edi-selhaus-i-was-there\" \/>\n<meta property=\"og:locale\" content=\"en_US\" \/>\n<meta property=\"og:type\" content=\"article\" \/>\n<meta property=\"og:title\" content=\"Edi \u0160elhaus - \u00bbI was there\u00ab - Arsmedia\" \/>\n<meta property=\"og:description\" content=\"Genre: full-length documentary film Duration: 77 minYear: 2007 Screenplay: Jurij Gruden Director: Jurij Gruden Cast: Egon Kraus, Egon Pi\u0161\u010danec, Aljo\u0161a \u017derjal, Franc Fabec, Milan Pahor, mag. Alojzij Ter\u0161an, Bo\u017eidar Ze\u010devi\u0107, Jo\u017eica \u0160parovec, Mirjam Koren, Roman Marinko &#8230; Links: www.film-sklad.si. &nbsp; &nbsp; &nbsp; Story Kovac and Dara are a boy and a girl who had a [&hellip;]\" \/>\n<meta property=\"og:url\" content=\"https:\/\/arsmedia.si\/en\/documentary-films\/edi-selhaus-i-was-there\" \/>\n<meta property=\"og:site_name\" content=\"Arsmedia\" \/>\n<meta property=\"article:published_time\" content=\"2014-02-14T12:59:55+00:00\" \/>\n<meta property=\"article:modified_time\" content=\"2014-02-21T13:12:13+00:00\" \/>\n<meta name=\"author\" content=\"Bo\u0161tjan Ikovic\" \/>\n<meta name=\"twitter:card\" content=\"summary_large_image\" \/>\n<meta name=\"twitter:label1\" content=\"Written by\" \/>\n\t<meta name=\"twitter:data1\" content=\"Bo\u0161tjan Ikovic\" \/>\n\t<meta name=\"twitter:label2\" content=\"Est. reading time\" \/>\n\t<meta name=\"twitter:data2\" content=\"2 minutes\" \/>\n<script type=\"application\/ld+json\" class=\"yoast-schema-graph\">{\"@context\":\"https:\/\/schema.org\",\"@graph\":[{\"@type\":\"Article\",\"@id\":\"https:\/\/arsmedia.si\/en\/documentary-films\/edi-selhaus-i-was-there#article\",\"isPartOf\":{\"@id\":\"https:\/\/arsmedia.si\/en\/documentary-films\/edi-selhaus-i-was-there\"},\"author\":{\"name\":\"Bo\u0161tjan Ikovic\",\"@id\":\"https:\/\/arsmedia.si\/en#\/schema\/person\/0d062ee837b8f501267dd4e51e323123\"},\"headline\":\"Edi \u0160elhaus &#8211; \u00bbI was there\u00ab\",\"datePublished\":\"2014-02-14T12:59:55+00:00\",\"dateModified\":\"2014-02-21T13:12:13+00:00\",\"mainEntityOfPage\":{\"@id\":\"https:\/\/arsmedia.si\/en\/documentary-films\/edi-selhaus-i-was-there\"},\"wordCount\":409,\"commentCount\":0,\"publisher\":{\"@id\":\"https:\/\/arsmedia.si\/en#organization\"},\"image\":{\"@id\":\"https:\/\/arsmedia.si\/en\/documentary-films\/edi-selhaus-i-was-there#primaryimage\"},\"thumbnailUrl\":\"https:\/\/arsmedia.si\/wp-content\/uploads\/2014\/02\/Direktor-fotografije-Radovan-\u010cok-Edi-\u0160elhaus-re\u017eiser-Jurij-Gruden.jpg\",\"articleSection\":[\"Documentary films\"],\"inLanguage\":\"en-US\",\"potentialAction\":[{\"@type\":\"CommentAction\",\"name\":\"Comment\",\"target\":[\"https:\/\/arsmedia.si\/en\/documentary-films\/edi-selhaus-i-was-there#respond\"]}]},{\"@type\":\"WebPage\",\"@id\":\"https:\/\/arsmedia.si\/en\/documentary-films\/edi-selhaus-i-was-there\",\"url\":\"https:\/\/arsmedia.si\/en\/documentary-films\/edi-selhaus-i-was-there\",\"name\":\"Edi \u0160elhaus - \u00bbI was there\u00ab - Arsmedia\",\"isPartOf\":{\"@id\":\"https:\/\/arsmedia.si\/en#website\"},\"primaryImageOfPage\":{\"@id\":\"https:\/\/arsmedia.si\/en\/documentary-films\/edi-selhaus-i-was-there#primaryimage\"},\"image\":{\"@id\":\"https:\/\/arsmedia.si\/en\/documentary-films\/edi-selhaus-i-was-there#primaryimage\"},\"thumbnailUrl\":\"https:\/\/arsmedia.si\/wp-content\/uploads\/2014\/02\/Direktor-fotografije-Radovan-\u010cok-Edi-\u0160elhaus-re\u017eiser-Jurij-Gruden.jpg\",\"datePublished\":\"2014-02-14T12:59:55+00:00\",\"dateModified\":\"2014-02-21T13:12:13+00:00\",\"breadcrumb\":{\"@id\":\"https:\/\/arsmedia.si\/en\/documentary-films\/edi-selhaus-i-was-there#breadcrumb\"},\"inLanguage\":\"en-US\",\"potentialAction\":[{\"@type\":\"ReadAction\",\"target\":[\"https:\/\/arsmedia.si\/en\/documentary-films\/edi-selhaus-i-was-there\"]}]},{\"@type\":\"ImageObject\",\"inLanguage\":\"en-US\",\"@id\":\"https:\/\/arsmedia.si\/en\/documentary-films\/edi-selhaus-i-was-there#primaryimage\",\"url\":\"https:\/\/arsmedia.si\/wp-content\/uploads\/2014\/02\/Direktor-fotografije-Radovan-\u010cok-Edi-\u0160elhaus-re\u017eiser-Jurij-Gruden.jpg\",\"contentUrl\":\"https:\/\/arsmedia.si\/wp-content\/uploads\/2014\/02\/Direktor-fotografije-Radovan-\u010cok-Edi-\u0160elhaus-re\u017eiser-Jurij-Gruden.jpg\",\"width\":484,\"height\":320},{\"@type\":\"BreadcrumbList\",\"@id\":\"https:\/\/arsmedia.si\/en\/documentary-films\/edi-selhaus-i-was-there#breadcrumb\",\"itemListElement\":[{\"@type\":\"ListItem\",\"position\":1,\"name\":\"Home\",\"item\":\"https:\/\/arsmedia.si\/en\"},{\"@type\":\"ListItem\",\"position\":2,\"name\":\"Edi \u0160elhaus &#8211; \u00bbI was there\u00ab\"}]},{\"@type\":\"WebSite\",\"@id\":\"https:\/\/arsmedia.si\/en#website\",\"url\":\"https:\/\/arsmedia.si\/en\",\"name\":\"Arsmedia\",\"description\":\"Filmska in video produkcija\",\"publisher\":{\"@id\":\"https:\/\/arsmedia.si\/en#organization\"},\"potentialAction\":[{\"@type\":\"SearchAction\",\"target\":{\"@type\":\"EntryPoint\",\"urlTemplate\":\"https:\/\/arsmedia.si\/en?s={search_term_string}\"},\"query-input\":{\"@type\":\"PropertyValueSpecification\",\"valueRequired\":true,\"valueName\":\"search_term_string\"}}],\"inLanguage\":\"en-US\"},{\"@type\":\"Organization\",\"@id\":\"https:\/\/arsmedia.si\/en#organization\",\"name\":\"Arsmedia\",\"url\":\"https:\/\/arsmedia.si\/en\",\"logo\":{\"@type\":\"ImageObject\",\"inLanguage\":\"en-US\",\"@id\":\"https:\/\/arsmedia.si\/en#\/schema\/logo\/image\/\",\"url\":\"https:\/\/arsmedia.si\/wp-content\/uploads\/2014\/02\/ARSMEDIA-Back-1.jpg\",\"contentUrl\":\"https:\/\/arsmedia.si\/wp-content\/uploads\/2014\/02\/ARSMEDIA-Back-1.jpg\",\"width\":985,\"height\":590,\"caption\":\"Arsmedia\"},\"image\":{\"@id\":\"https:\/\/arsmedia.si\/en#\/schema\/logo\/image\/\"}},{\"@type\":\"Person\",\"@id\":\"https:\/\/arsmedia.si\/en#\/schema\/person\/0d062ee837b8f501267dd4e51e323123\",\"name\":\"Bo\u0161tjan Ikovic\",\"image\":{\"@type\":\"ImageObject\",\"inLanguage\":\"en-US\",\"@id\":\"https:\/\/arsmedia.si\/en#\/schema\/person\/image\/\",\"url\":\"https:\/\/secure.gravatar.com\/avatar\/a5534ecf28d77885ab4f94f7635d55dd3f12d9e06abec51d2d0859c8aabc74d3?s=96&d=mm&r=g\",\"contentUrl\":\"https:\/\/secure.gravatar.com\/avatar\/a5534ecf28d77885ab4f94f7635d55dd3f12d9e06abec51d2d0859c8aabc74d3?s=96&d=mm&r=g\",\"caption\":\"Bo\u0161tjan Ikovic\"},\"sameAs\":[\"http:\/\/arsmedia.si\"],\"url\":\"https:\/\/arsmedia.si\/en\/author\/djsvizec\"}]}<\/script>\n<!-- \/ Yoast SEO plugin. -->","yoast_head_json":{"title":"Edi \u0160elhaus - \u00bbI was there\u00ab - Arsmedia","robots":{"index":"index","follow":"follow","max-snippet":"max-snippet:-1","max-image-preview":"max-image-preview:large","max-video-preview":"max-video-preview:-1"},"canonical":"https:\/\/arsmedia.si\/en\/documentary-films\/edi-selhaus-i-was-there","og_locale":"en_US","og_type":"article","og_title":"Edi \u0160elhaus - \u00bbI was there\u00ab - Arsmedia","og_description":"Genre: full-length documentary film Duration: 77 minYear: 2007 Screenplay: Jurij Gruden Director: Jurij Gruden Cast: Egon Kraus, Egon Pi\u0161\u010danec, Aljo\u0161a \u017derjal, Franc Fabec, Milan Pahor, mag. Alojzij Ter\u0161an, Bo\u017eidar Ze\u010devi\u0107, Jo\u017eica \u0160parovec, Mirjam Koren, Roman Marinko &#8230; Links: www.film-sklad.si. &nbsp; &nbsp; &nbsp; Story Kovac and Dara are a boy and a girl who had a [&hellip;]","og_url":"https:\/\/arsmedia.si\/en\/documentary-films\/edi-selhaus-i-was-there","og_site_name":"Arsmedia","article_published_time":"2014-02-14T12:59:55+00:00","article_modified_time":"2014-02-21T13:12:13+00:00","author":"Bo\u0161tjan Ikovic","twitter_card":"summary_large_image","twitter_misc":{"Written by":"Bo\u0161tjan Ikovic","Est. reading time":"2 minutes"},"schema":{"@context":"https:\/\/schema.org","@graph":[{"@type":"Article","@id":"https:\/\/arsmedia.si\/en\/documentary-films\/edi-selhaus-i-was-there#article","isPartOf":{"@id":"https:\/\/arsmedia.si\/en\/documentary-films\/edi-selhaus-i-was-there"},"author":{"name":"Bo\u0161tjan Ikovic","@id":"https:\/\/arsmedia.si\/en#\/schema\/person\/0d062ee837b8f501267dd4e51e323123"},"headline":"Edi \u0160elhaus &#8211; \u00bbI was there\u00ab","datePublished":"2014-02-14T12:59:55+00:00","dateModified":"2014-02-21T13:12:13+00:00","mainEntityOfPage":{"@id":"https:\/\/arsmedia.si\/en\/documentary-films\/edi-selhaus-i-was-there"},"wordCount":409,"commentCount":0,"publisher":{"@id":"https:\/\/arsmedia.si\/en#organization"},"image":{"@id":"https:\/\/arsmedia.si\/en\/documentary-films\/edi-selhaus-i-was-there#primaryimage"},"thumbnailUrl":"https:\/\/arsmedia.si\/wp-content\/uploads\/2014\/02\/Direktor-fotografije-Radovan-\u010cok-Edi-\u0160elhaus-re\u017eiser-Jurij-Gruden.jpg","articleSection":["Documentary films"],"inLanguage":"en-US","potentialAction":[{"@type":"CommentAction","name":"Comment","target":["https:\/\/arsmedia.si\/en\/documentary-films\/edi-selhaus-i-was-there#respond"]}]},{"@type":"WebPage","@id":"https:\/\/arsmedia.si\/en\/documentary-films\/edi-selhaus-i-was-there","url":"https:\/\/arsmedia.si\/en\/documentary-films\/edi-selhaus-i-was-there","name":"Edi \u0160elhaus - \u00bbI was there\u00ab - Arsmedia","isPartOf":{"@id":"https:\/\/arsmedia.si\/en#website"},"primaryImageOfPage":{"@id":"https:\/\/arsmedia.si\/en\/documentary-films\/edi-selhaus-i-was-there#primaryimage"},"image":{"@id":"https:\/\/arsmedia.si\/en\/documentary-films\/edi-selhaus-i-was-there#primaryimage"},"thumbnailUrl":"https:\/\/arsmedia.si\/wp-content\/uploads\/2014\/02\/Direktor-fotografije-Radovan-\u010cok-Edi-\u0160elhaus-re\u017eiser-Jurij-Gruden.jpg","datePublished":"2014-02-14T12:59:55+00:00","dateModified":"2014-02-21T13:12:13+00:00","breadcrumb":{"@id":"https:\/\/arsmedia.si\/en\/documentary-films\/edi-selhaus-i-was-there#breadcrumb"},"inLanguage":"en-US","potentialAction":[{"@type":"ReadAction","target":["https:\/\/arsmedia.si\/en\/documentary-films\/edi-selhaus-i-was-there"]}]},{"@type":"ImageObject","inLanguage":"en-US","@id":"https:\/\/arsmedia.si\/en\/documentary-films\/edi-selhaus-i-was-there#primaryimage","url":"https:\/\/arsmedia.si\/wp-content\/uploads\/2014\/02\/Direktor-fotografije-Radovan-\u010cok-Edi-\u0160elhaus-re\u017eiser-Jurij-Gruden.jpg","contentUrl":"https:\/\/arsmedia.si\/wp-content\/uploads\/2014\/02\/Direktor-fotografije-Radovan-\u010cok-Edi-\u0160elhaus-re\u017eiser-Jurij-Gruden.jpg","width":484,"height":320},{"@type":"BreadcrumbList","@id":"https:\/\/arsmedia.si\/en\/documentary-films\/edi-selhaus-i-was-there#breadcrumb","itemListElement":[{"@type":"ListItem","position":1,"name":"Home","item":"https:\/\/arsmedia.si\/en"},{"@type":"ListItem","position":2,"name":"Edi \u0160elhaus &#8211; \u00bbI was there\u00ab"}]},{"@type":"WebSite","@id":"https:\/\/arsmedia.si\/en#website","url":"https:\/\/arsmedia.si\/en","name":"Arsmedia","description":"Filmska in video produkcija","publisher":{"@id":"https:\/\/arsmedia.si\/en#organization"},"potentialAction":[{"@type":"SearchAction","target":{"@type":"EntryPoint","urlTemplate":"https:\/\/arsmedia.si\/en?s={search_term_string}"},"query-input":{"@type":"PropertyValueSpecification","valueRequired":true,"valueName":"search_term_string"}}],"inLanguage":"en-US"},{"@type":"Organization","@id":"https:\/\/arsmedia.si\/en#organization","name":"Arsmedia","url":"https:\/\/arsmedia.si\/en","logo":{"@type":"ImageObject","inLanguage":"en-US","@id":"https:\/\/arsmedia.si\/en#\/schema\/logo\/image\/","url":"https:\/\/arsmedia.si\/wp-content\/uploads\/2014\/02\/ARSMEDIA-Back-1.jpg","contentUrl":"https:\/\/arsmedia.si\/wp-content\/uploads\/2014\/02\/ARSMEDIA-Back-1.jpg","width":985,"height":590,"caption":"Arsmedia"},"image":{"@id":"https:\/\/arsmedia.si\/en#\/schema\/logo\/image\/"}},{"@type":"Person","@id":"https:\/\/arsmedia.si\/en#\/schema\/person\/0d062ee837b8f501267dd4e51e323123","name":"Bo\u0161tjan Ikovic","image":{"@type":"ImageObject","inLanguage":"en-US","@id":"https:\/\/arsmedia.si\/en#\/schema\/person\/image\/","url":"https:\/\/secure.gravatar.com\/avatar\/a5534ecf28d77885ab4f94f7635d55dd3f12d9e06abec51d2d0859c8aabc74d3?s=96&d=mm&r=g","contentUrl":"https:\/\/secure.gravatar.com\/avatar\/a5534ecf28d77885ab4f94f7635d55dd3f12d9e06abec51d2d0859c8aabc74d3?s=96&d=mm&r=g","caption":"Bo\u0161tjan Ikovic"},"sameAs":["http:\/\/arsmedia.si"],"url":"https:\/\/arsmedia.si\/en\/author\/djsvizec"}]}},"_links":{"self":[{"href":"https:\/\/arsmedia.si\/en\/wp-json\/wp\/v2\/posts\/179","targetHints":{"allow":["GET"]}}],"collection":[{"href":"https:\/\/arsmedia.si\/en\/wp-json\/wp\/v2\/posts"}],"about":[{"href":"https:\/\/arsmedia.si\/en\/wp-json\/wp\/v2\/types\/post"}],"author":[{"embeddable":true,"href":"https:\/\/arsmedia.si\/en\/wp-json\/wp\/v2\/users\/2"}],"replies":[{"embeddable":true,"href":"https:\/\/arsmedia.si\/en\/wp-json\/wp\/v2\/comments?post=179"}],"version-history":[{"count":5,"href":"https:\/\/arsmedia.si\/en\/wp-json\/wp\/v2\/posts\/179\/revisions"}],"predecessor-version":[{"id":734,"href":"https:\/\/arsmedia.si\/en\/wp-json\/wp\/v2\/posts\/179\/revisions\/734"}],"wp:featuredmedia":[{"embeddable":true,"href":"https:\/\/arsmedia.si\/en\/wp-json\/wp\/v2\/media\/96"}],"wp:attachment":[{"href":"https:\/\/arsmedia.si\/en\/wp-json\/wp\/v2\/media?parent=179"}],"wp:term":[{"taxonomy":"category","embeddable":true,"href":"https:\/\/arsmedia.si\/en\/wp-json\/wp\/v2\/categories?post=179"},{"taxonomy":"post_tag","embeddable":true,"href":"https:\/\/arsmedia.si\/en\/wp-json\/wp\/v2\/tags?post=179"}],"curies":[{"name":"wp","href":"https:\/\/api.w.org\/{rel}","templated":true}]}}